{"id":1998,"date":"2024-09-21T10:18:06","date_gmt":"2024-09-21T13:18:06","guid":{"rendered":"https:\/\/allesverandert.com\/?p=1998"},"modified":"2024-09-21T11:50:00","modified_gmt":"2024-09-21T14:50:00","slug":"ribeirao-preto-en-huisafval-een-kijkje-in-de-kringloop","status":"publish","type":"post","link":"https:\/\/allesverandert.com\/pt\/2024\/09\/21\/ribeirao-preto-en-huisafval-een-kijkje-in-de-kringloop\/","title":{"rendered":"Ribeir\u00e3o Preto e o lixo dom\u00e9stico: um olhar sobre o ciclo"},"content":{"rendered":"<h5>Descarte de res\u00edduos em Ribeir\u00e3o Preto vs. Holanda<\/h5>\n<p>A maneira como o lixo dom\u00e9stico \u00e9 tratado em Ribeir\u00e3o Preto, a cidade onde moramos, \u00e9 diferente da maneira como \u00e9 tratado na Holanda. A separa\u00e7\u00e3o de res\u00edduos quase n\u00e3o ocorre aqui e, embora voc\u00ea ou\u00e7a e leia muito sobre reciclagem, ela quase n\u00e3o \u00e9 aplicada na pr\u00e1tica. H\u00e1 alguns pontos ecol\u00f3gicos na cidade onde voc\u00ea pode entregar o lixo que separou em casa, mas s\u00e3o poucos e distantes entre si. Eles s\u00e3o usados, mas em uma escala limitada. O lixo \u00e9 coletado tr\u00eas vezes por semana. Essa coleta \u00e9 muito bem organizada.<\/p>\n<h5>Res\u00edduos de jardim: um desafio com os abajures<\/h5>\n<p>Em frente \u00e0 nossa casa h\u00e1 duas \u00e1rvores, Lampshades, como s\u00e3o chamadas na Holanda (Callistemon). As \u00e1rvores crescem rapidamente e \u00e9 importante colocar a serra el\u00e9trica regularmente. Isso gera uma grande quantidade de res\u00edduos, que precisam ser processados. O lixo de jardim \u00e9 coletado pelo servi\u00e7o de descarte de lixo; voc\u00ea faz uma boa pilha e a deixa ao lado da estrada e, em seguida, espera que o caminh\u00e3o passe para colet\u00e1-la. Isso \u00e0s vezes pode levar muito tempo, algumas semanas n\u00e3o s\u00e3o incomuns. Esse servi\u00e7o \u00e9 gratuito. Voc\u00ea tamb\u00e9m pode solicitar a coleta por uma empresa comercial, mas ter\u00e1 de pagar e n\u00e3o \u00e9 barato. Portanto, h\u00e1 uma pilha de lixo em frente \u00e0 nossa casa h\u00e1 algumas semanas.<\/p>\n<p><span><img decoding=\"async\" alt=\"Bomen snoeien\" data-id=\"2006\" width=\"475\" data-init-width=\"1195\" height=\"493\" data-init-height=\"1241\" title=\"Poda de \u00e1rvores\" data-src=\"https:\/\/allesverandert.com\/wp-content\/uploads\/2024\/09\/WhatsApp-Image-2024-09-21-at-08.40.20.jpeg\" data-width=\"475\" data-height=\"493\" style=\"--smush-placeholder-width: 475px; --smush-placeholder-aspect-ratio: 475\/493;aspect-ratio: auto 1195 \/ 1241;\" src=\"data:image\/svg+xml;base64,PHN2ZyB3aWR0aD0iMSIgaGVpZ2h0PSIxIiB4bWxucz0iaHR0cDovL3d3dy53My5vcmcvMjAwMC9zdmciPjwvc3ZnPg==\" class=\"lazyload\"><\/span><\/p>\n<h5>Res\u00edduos volumosos e res\u00edduos de constru\u00e7\u00e3o: regras r\u00edgidas<\/h5>\n<p>Se voc\u00ea tiver muitos res\u00edduos volumosos, por exemplo, depois de uma reforma em sua casa, voc\u00ea deve solicitar uma ca\u00e7amba de entulho. A empresa que aluga esses cont\u00eaineres os coloca em frente \u00e0 sua porta e, quando estiverem cheios, voc\u00ea liga para a empresa e eles s\u00e3o coletados novamente. A prefeitura \u00e9 bastante rigorosa com rela\u00e7\u00e3o a isso. Substitu\u00edmos uma fileira de azulejos em nossa piscina na semana passada e eu coloquei os res\u00edduos em sacos pl\u00e1sticos e os coloquei na rua. Esses sacos n\u00e3o foram levados embora.<\/p>\n<p><span><img decoding=\"async\" alt=\"Ca\u00e7amba de entulho\" data-id=\"2001\" width=\"475\" data-init-width=\"1200\" height=\"633\" data-init-height=\"1600\" title=\"Ca\u00e7amba de entulho\" data-src=\"https:\/\/allesverandert.com\/wp-content\/uploads\/2024\/09\/WhatsApp-Image-2024-09-21-at-08.40.57.jpeg\" data-width=\"475\" data-height=\"633\" style=\"--smush-placeholder-width: 475px; --smush-placeholder-aspect-ratio: 475\/633;aspect-ratio: auto 1200 \/ 1600;\" src=\"data:image\/svg+xml;base64,PHN2ZyB3aWR0aD0iMSIgaGVpZ2h0PSIxIiB4bWxucz0iaHR0cDovL3d3dy53My5vcmcvMjAwMC9zdmciPjwvc3ZnPg==\" class=\"lazyload\"><\/span><\/p>\n<h5>A organiza\u00e7\u00e3o \u00e9 eficiente, mas h\u00e1 desafios<\/h5>\n<p>Embora a gest\u00e3o de res\u00edduos em Ribeir\u00e3o Preto seja organizada de forma eficiente em alguns aspectos, como a coleta frequente de res\u00edduos dom\u00e9sticos, ainda h\u00e1 espa\u00e7o para melhorias na reciclagem e na acessibilidade das instala\u00e7\u00f5es de separa\u00e7\u00e3o de res\u00edduos, sendo que o equil\u00edbrio entre a conveni\u00eancia do cidad\u00e3o e a a\u00e7\u00e3o ambientalmente consciente continua sendo um desafio.&nbsp;<\/p>","protected":false},"excerpt":{"rendered":"<p>Afvalverwerking in Ribeir\u00e3o Preto vs. Nederland De wijze waarop in Ribeir\u00e3o Preto, de stad waar wij wonen, met de verwerking van het huisvuil wordt omgegaan verschilt van de manier waarop dat in Nederland wordt gedaan. Het scheiden van afval vindt hier nauwelijks plaats en hoewel je veel hoort en leest over recycling wordt dit in [&hellip;]<\/p>\n","protected":false},"author":1,"featured_media":2001,"comment_status":"open","ping_status":"open","sticky":false,"template":"","format":"standard","meta":{"_seopress_robots_primary_cat":"none","_seopress_titles_title":"Ribeir\u00e3o Preto en huisafval: Een kijkje in de kringloop","_seopress_titles_desc":"Ontdek de verschillen in afvalverwerking tussen Ribeir\u00e3o Preto en Nederland. Lees over de uitdagingen met tuinafval, recycling en de strikte regels voor grof vuil in deze Braziliaanse stad.","_seopress_robots_index":"","iawp_total_views":3,"footnotes":""},"categories":[40],"tags":[89,21,105],"class_list":["post-1998","post","type-post","status-publish","format-standard","has-post-thumbnail","hentry","category-brazilie","tag-alles-verandert","tag-brazilie","tag-ribeirao-preto","post-wrapper","thrv_wrapper"],"_links":{"self":[{"href":"https:\/\/allesverandert.com\/pt\/wp-json\/wp\/v2\/posts\/1998","targetHints":{"allow":["GET"]}}],"collection":[{"href":"https:\/\/allesverandert.com\/pt\/wp-json\/wp\/v2\/posts"}],"about":[{"href":"https:\/\/allesverandert.com\/pt\/wp-json\/wp\/v2\/types\/post"}],"author":[{"embeddable":true,"href":"https:\/\/allesverandert.com\/pt\/wp-json\/wp\/v2\/users\/1"}],"replies":[{"embeddable":true,"href":"https:\/\/allesverandert.com\/pt\/wp-json\/wp\/v2\/comments?post=1998"}],"version-history":[{"count":10,"href":"https:\/\/allesverandert.com\/pt\/wp-json\/wp\/v2\/posts\/1998\/revisions"}],"predecessor-version":[{"id":2012,"href":"https:\/\/allesverandert.com\/pt\/wp-json\/wp\/v2\/posts\/1998\/revisions\/2012"}],"wp:featuredmedia":[{"embeddable":true,"href":"https:\/\/allesverandert.com\/pt\/wp-json\/wp\/v2\/media\/2001"}],"wp:attachment":[{"href":"https:\/\/allesverandert.com\/pt\/wp-json\/wp\/v2\/media?parent=1998"}],"wp:term":[{"taxonomy":"category","embeddable":true,"href":"https:\/\/allesverandert.com\/pt\/wp-json\/wp\/v2\/categories?post=1998"},{"taxonomy":"post_tag","embeddable":true,"href":"https:\/\/allesverandert.com\/pt\/wp-json\/wp\/v2\/tags?post=1998"}],"curies":[{"name":"wp","href":"https:\/\/api.w.org\/{rel}","templated":true}]}}