{"id":2101,"date":"2024-11-13T09:52:03","date_gmt":"2024-11-13T12:52:03","guid":{"rendered":"https:\/\/allesverandert.com\/?p=2101"},"modified":"2024-12-30T15:29:04","modified_gmt":"2024-12-30T18:29:04","slug":"de-proclamatie-van-de-republiek-een-keerpunt-in-de-braziliaanse-geschiedenis","status":"publish","type":"post","link":"https:\/\/allesverandert.com\/pt\/2024\/11\/13\/de-proclamatie-van-de-republiek-een-keerpunt-in-de-braziliaanse-geschiedenis\/","title":{"rendered":"A Proclama\u00e7\u00e3o da Rep\u00fablica: um ponto de inflex\u00e3o na hist\u00f3ria do Brasil"},"content":{"rendered":"<p>Em 15 de novembro, o Brasil comemora um de seus feriados nacionais mais importantes, a Proclama\u00e7\u00e3o da Rep\u00fablica. Esse dia marca um momento crucial na hist\u00f3ria brasileira, quando, em 1889, a monarquia chegou ao fim e o Brasil foi declarado uma rep\u00fablica.<\/p>\n<h5>Uma revolu\u00e7\u00e3o pac\u00edfica<\/h5>\n<p>Houve muitas revolu\u00e7\u00f5es na hist\u00f3ria e, muitas vezes, elas foram acompanhadas de muita viol\u00eancia. Esse n\u00e3o foi o caso do Brasil. A transi\u00e7\u00e3o da monarquia para a rep\u00fablica foi relativamente pac\u00edfica. Liderado pelo Marechal Manuel Deodoro da Fonseca, um golpe de estado militar p\u00f4s fim ao reinado do Imperador Pedro II, o \u00faltimo imperador do Brasil. Esse evento \u00e9 conhecido como um golpe sem derramamento de sangue.<\/p>\n<p><span><img decoding=\"async\" alt=\"Proclamatie van de Reubliek Brazili\u00eb.\" data-id=\"2108\" width=\"640\" data-init-width=\"640\" height=\"345\" data-init-height=\"345\" title=\"Proclama\u00e7\u00e3o da Rep\u00fablica do Brasil.\" data-src=\"https:\/\/allesverandert.com\/wp-content\/uploads\/2024\/11\/proclamacao1.webp\" data-width=\"640\" data-height=\"345\" style=\"--smush-placeholder-width: 640px; --smush-placeholder-aspect-ratio: 640\/345;aspect-ratio: auto 640 \/ 345;\" src=\"data:image\/svg+xml;base64,PHN2ZyB3aWR0aD0iMSIgaGVpZ2h0PSIxIiB4bWxucz0iaHR0cDovL3d3dy53My5vcmcvMjAwMC9zdmciPjwvc3ZnPg==\" class=\"lazyload\"><\/span><\/p>\n<p style=\"text-align: center;\">Pintura de Benedito Calixto (1893)<\/p>\n<h5>O fim de uma era<\/h5>\n<p>A queda da monarquia marcou o fim do Imp\u00e9rio Brasileiro, que existiu por quase 67 anos. O imperador Pedro II, que era amplamente considerado um governante esclarecido, foi for\u00e7ado a se exilar na Europa. Esse foi o fim da \u00faltima monarquia na Am\u00e9rica do Sul.<\/p>\n<h5>O nascimento de uma nova na\u00e7\u00e3o<\/h5>\n<p>A proclama\u00e7\u00e3o marcou o in\u00edcio da Primeira Rep\u00fablica Brasileira (1889-1930). O pa\u00eds recebeu uma nova bandeira e um novo slogan nacional: \"Ordem e Progresso\", que ainda adorna a bandeira brasileira. Essas palavras refletem a filosofia positiva que os pais fundadores da rep\u00fablica tinham em mente e inspiraram.<\/p>\n<p><span><img decoding=\"async\" alt=\"De Braziliaande vlag.\" data-id=\"2111\" width=\"640\" data-init-width=\"750\" height=\"452\" data-init-height=\"530\" title=\"A bandeira brasileira.\" data-src=\"https:\/\/allesverandert.com\/wp-content\/uploads\/2024\/11\/Braziliaanse-vlag.jpg\" data-width=\"640\" data-height=\"452\" style=\"--smush-placeholder-width: 640px; --smush-placeholder-aspect-ratio: 640\/452;aspect-ratio: auto 750 \/ 530;\" src=\"data:image\/svg+xml;base64,PHN2ZyB3aWR0aD0iMSIgaGVpZ2h0PSIxIiB4bWxucz0iaHR0cDovL3d3dy53My5vcmcvMjAwMC9zdmciPjwvc3ZnPg==\" class=\"lazyload\"><\/span><\/p>\n<h5>Comemorando o dia de hoje<\/h5>\n<p>Hoje, 15 de novembro \u00e9 feriado banc\u00e1rio no Brasil. \u00c9 um dia em que os brasileiros refletem sobre esse importante evento hist\u00f3rico com desfiles, eventos culturais e cerim\u00f4nias oficiais. Escolas, bancos e muitas empresas est\u00e3o fechados, e as pessoas geralmente usam esse dia de folga para passar o tempo com a fam\u00edlia e os amigos. A Proclama\u00e7\u00e3o da Rep\u00fablica nos lembra como uma na\u00e7\u00e3o pode se transformar pacificamente e mudar seu curso em dire\u00e7\u00e3o a um novo futuro. \u00c9 um dia que n\u00e3o apenas comemora o passado, mas tamb\u00e9m olha para frente, para o desenvolvimento cont\u00ednuo do Brasil como um estado democr\u00e1tico moderno.<\/p>","protected":false},"excerpt":{"rendered":"<p>Op 15 november wordt in Brazili\u00eb \u00e9\u00e9n van zijn belangrijkste nationale feestdagen gevierd namelijk de Proclamatie van de Republiek (Proclama\u00e7\u00e3o da Rep\u00fablica). Deze dag markeert een cruciaal moment in de Braziliaanse geschiedenis, toen in 1889 de monarchie ten einde kwam en Brazili\u00eb werd uitgeroepen tot republiek. Een Vreedzame Revolutie In de geschiedenis hebben zich veel [&hellip;]<\/p>\n","protected":false},"author":1,"featured_media":2102,"comment_status":"open","ping_status":"open","sticky":false,"template":"","format":"standard","meta":{"_seopress_robots_primary_cat":"","_seopress_titles_title":"","_seopress_titles_desc":"Ontdek de boeiende geschiedenis achter de Proclamatie van de Republiek, een cruciaal moment in de ontwikkeling van Brazili\u00eb. Lees over de vreedzame staatsgreep, het einde van de monarchie en de geboorte van de moderne Braziliaanse republiek.","_seopress_robots_index":"","iawp_total_views":3,"footnotes":""},"categories":[40],"tags":[21,134,136,135],"class_list":["post-2101","post","type-post","status-publish","format-standard","has-post-thumbnail","hentry","category-brazilie","tag-brazilie","tag-proclamacao","tag-republica","tag-reubliek","post-wrapper","thrv_wrapper"],"_links":{"self":[{"href":"https:\/\/allesverandert.com\/pt\/wp-json\/wp\/v2\/posts\/2101","targetHints":{"allow":["GET"]}}],"collection":[{"href":"https:\/\/allesverandert.com\/pt\/wp-json\/wp\/v2\/posts"}],"about":[{"href":"https:\/\/allesverandert.com\/pt\/wp-json\/wp\/v2\/types\/post"}],"author":[{"embeddable":true,"href":"https:\/\/allesverandert.com\/pt\/wp-json\/wp\/v2\/users\/1"}],"replies":[{"embeddable":true,"href":"https:\/\/allesverandert.com\/pt\/wp-json\/wp\/v2\/comments?post=2101"}],"version-history":[{"count":11,"href":"https:\/\/allesverandert.com\/pt\/wp-json\/wp\/v2\/posts\/2101\/revisions"}],"predecessor-version":[{"id":2115,"href":"https:\/\/allesverandert.com\/pt\/wp-json\/wp\/v2\/posts\/2101\/revisions\/2115"}],"wp:featuredmedia":[{"embeddable":true,"href":"https:\/\/allesverandert.com\/pt\/wp-json\/wp\/v2\/media\/2102"}],"wp:attachment":[{"href":"https:\/\/allesverandert.com\/pt\/wp-json\/wp\/v2\/media?parent=2101"}],"wp:term":[{"taxonomy":"category","embeddable":true,"href":"https:\/\/allesverandert.com\/pt\/wp-json\/wp\/v2\/categories?post=2101"},{"taxonomy":"post_tag","embeddable":true,"href":"https:\/\/allesverandert.com\/pt\/wp-json\/wp\/v2\/tags?post=2101"}],"curies":[{"name":"wp","href":"https:\/\/api.w.org\/{rel}","templated":true}]}}