{"id":2197,"date":"2025-02-02T11:00:36","date_gmt":"2025-02-02T14:00:36","guid":{"rendered":"https:\/\/allesverandert.com\/?p=2197"},"modified":"2025-02-02T11:05:07","modified_gmt":"2025-02-02T14:05:07","slug":"het-feest-van-iemanja-een-viering-van-cultuur-geloof-en-traditie-in-brazilie","status":"publish","type":"post","link":"https:\/\/allesverandert.com\/pt\/2025\/02\/02\/het-feest-van-iemanja-een-viering-van-cultuur-geloof-en-traditie-in-brazilie\/","title":{"rendered":"A Festa de Iemanj\u00e1: Uma Celebra\u00e7\u00e3o da Cultura, F\u00e9 e Tradi\u00e7\u00e3o no Brasil"},"content":{"rendered":"<h5>A festa de Iemanj\u00e1<\/h5>\n<p>Hoje, em 2 de fevereiro, v\u00e1rios lugares no Brasil est\u00e3o celebrando o festival de Iemanj\u00e1. Esse festival colorido e espiritual \u00e9 uma homenagem a Iemanj\u00e1, a deusa afro-brasileira do mar, que simboliza a prote\u00e7\u00e3o, a fertilidade e a maternidade. A celebra\u00e7\u00e3o \u00e9 uma mistura maravilhosa de tradi\u00e7\u00f5es religiosas, express\u00f5es culturais e festividades que re\u00fanem pessoas de todas as origens.<\/p>\n<h5>Quem \u00e9 Iemanj\u00e1<\/h5>\n<p>Iemanj\u00e1, tamb\u00e9m conhecida como Yemanj\u00e1, \u00e9 uma figura central nas religi\u00f5es do Candombl\u00e9 e da Umbanda, que se originaram na di\u00e1spora africana. Ela \u00e9 geralmente retratada como uma bela mulher de cabelos longos e esvoa\u00e7antes, vestida com um vestido azul que simboliza a cor do mar. Para muitos brasileiros, Iemanj\u00e1 \u00e9 uma fonte de conforto, esperan\u00e7a e inspira\u00e7\u00e3o.<\/p>\n<p><span><img decoding=\"async\" alt=\"Iemanj\u00e1\" data-id=\"2204\" width=\"500\" data-init-width=\"1024\" height=\"500\" data-init-height=\"1024\" title=\"Iemanj\u00e1\" data-src=\"https:\/\/allesverandert.com\/wp-content\/uploads\/2025\/02\/joziasaliefaard_A_majestic_depiction_of_Iemanj_the_goddess_of_86d05e38-e28f-4c58-ba4c-5d2249e3181b_1.png\" data-width=\"500\" data-height=\"500\" style=\"--smush-placeholder-width: 500px; --smush-placeholder-aspect-ratio: 500\/500;aspect-ratio: auto 1024 \/ 1024;\" src=\"data:image\/svg+xml;base64,PHN2ZyB3aWR0aD0iMSIgaGVpZ2h0PSIxIiB4bWxucz0iaHR0cDovL3d3dy53My5vcmcvMjAwMC9zdmciPjwvc3ZnPg==\" class=\"lazyload\"><\/span><\/p>\n<h5>Como a festa \u00e9 comemorada?<\/h5>\n<p>A festa de Iemanj\u00e1 \u00e9 celebrada de forma especialmente grandiosa em cidades litor\u00e2neas como Salvador, Rio de Janeiro e Recife. Os fi\u00e9is se re\u00fanem na praia, vestidos de branco - a cor que representa a pureza e a paz. Eles fazem oferendas a Iemanj\u00e1, como flores, perfumes, espelhos e velas, que s\u00e3o enviadas ao mar em pequenos barcos. Esses presentes t\u00eam o objetivo de honrar a deusa e obter seu favor.<\/p>\n<p><span><img decoding=\"async\" alt=\"Offerande bij het feest van Iemanj\u00e1.\" data-id=\"2207\" width=\"500\" data-init-width=\"1024\" height=\"500\" data-init-height=\"1024\" title=\"Oferenda na festa de Iemanj\u00e1.\" data-src=\"https:\/\/allesverandert.com\/wp-content\/uploads\/2025\/02\/joziasaliefaard_A_serene_beach_at_sunset_small_wooden_boats_f_73e0e231-91e2-4680-bd3a-6b2baf838bc5_1.png\" data-width=\"500\" data-height=\"500\" style=\"--smush-placeholder-width: 500px; --smush-placeholder-aspect-ratio: 500\/500;aspect-ratio: auto 1024 \/ 1024;\" src=\"data:image\/svg+xml;base64,PHN2ZyB3aWR0aD0iMSIgaGVpZ2h0PSIxIiB4bWxucz0iaHR0cDovL3d3dy53My5vcmcvMjAwMC9zdmciPjwvc3ZnPg==\" class=\"lazyload\"><\/span><\/p>\n<p>Al\u00e9m dos rituais religiosos, o festival tamb\u00e9m \u00e9 um espet\u00e1culo cultural. H\u00e1 m\u00fasica, dan\u00e7a e canto. Oficinas de capoeira, apresenta\u00e7\u00f5es de dan\u00e7as tradicionais e shows ao vivo de samba e ax\u00e9 completam a celebra\u00e7\u00e3o. \u00c9 um dia de alegria, conex\u00e3o e reflex\u00e3o.<\/p>\n<h5>O significado da celebra\u00e7\u00e3o<\/h5>\n<p>A festa de Iemanj\u00e1 \u00e9 mais do que apenas uma celebra\u00e7\u00e3o religiosa; \u00e9 uma celebra\u00e7\u00e3o da identidade e da diversidade brasileiras. Ela mostra como diferentes culturas - africana, ind\u00edgena e europeia - se unem em uma mistura \u00fanica de tradi\u00e7\u00f5es. A celebra\u00e7\u00e3o tamb\u00e9m nos lembra da import\u00e2ncia da natureza, especialmente do mar, que \u00e9 uma fonte de vida e inspira\u00e7\u00e3o para muitos brasileiros.<\/p>\n<p><span><img decoding=\"async\" alt=\"De viering van Iemanj\u00e1.\" data-id=\"2210\" width=\"500\" data-init-width=\"1024\" height=\"500\" data-init-height=\"1024\" title=\"A celebra\u00e7\u00e3o de Iemanj\u00e1.\" data-src=\"https:\/\/allesverandert.com\/wp-content\/uploads\/2025\/02\/joziasaliefaard_A_group_of_people_dressed_in_white_standing_o_30f7b22a-00b8-4202-b0a4-88399f7b28d7_0.png\" data-width=\"500\" data-height=\"500\" style=\"--smush-placeholder-width: 500px; --smush-placeholder-aspect-ratio: 500\/500;aspect-ratio: auto 1024 \/ 1024;\" src=\"data:image\/svg+xml;base64,PHN2ZyB3aWR0aD0iMSIgaGVpZ2h0PSIxIiB4bWxucz0iaHR0cDovL3d3dy53My5vcmcvMjAwMC9zdmciPjwvc3ZnPg==\" class=\"lazyload\"><\/span><\/p>\n<h5>Uma mensagem de esperan\u00e7a<\/h5>\n<p>Em um mundo que muitas vezes parece dividido, a festa de Iemanj\u00e1 oferece uma mensagem de unidade e esperan\u00e7a. Ela nos lembra que, como as ondas do mar, estamos todos conectados. Quer voc\u00ea seja religioso ou n\u00e3o, a festa de Iemanj\u00e1 \u00e9 uma \u00f3tima oportunidade para refletir sobre a beleza da vida e o poder da comunidade.<\/p>\n<p>Todas as imagens desta postagem foram criadas com o Midjourney.<\/p>","protected":false},"excerpt":{"rendered":"<p>Het feest van Iemanj\u00e1 Vandaag, op 2 februari, wordt in Brazili\u00eb op verschillende plaatsen het feest van Iemanj\u00e1 gevierd. Dit kleurrijke en spirituele feest is een eerbetoon aan Iemanj\u00e1, de Afro-Braziliaanse godin van de zee, die symbool staat voor bescherming, vruchtbaarheid en moederschap. Het feest is een prachtige mix van religieuze tradities, culturele uitingen en [&hellip;]<\/p>\n","protected":false},"author":1,"featured_media":2200,"comment_status":"open","ping_status":"open","sticky":false,"template":"","format":"standard","meta":{"_seopress_robots_primary_cat":"","_seopress_titles_title":"","_seopress_titles_desc":"Ontdek de betekenis en viering van het feest van Imanj\u00e1 in Brazili\u00eb. Lees over de tradities, offers en culturele festiviteiten die deze dag zo bijzonder maken. Een eerbetoon aan de godin van de zee en haar boodschap van eenheid en hoop","_seopress_robots_index":"","iawp_total_views":32,"footnotes":""},"categories":[40],"tags":[145,144],"class_list":["post-2197","post","type-post","status-publish","format-standard","has-post-thumbnail","hentry","category-brazilie","tag-cultuur","tag-iemanja","post-wrapper","thrv_wrapper"],"_links":{"self":[{"href":"https:\/\/allesverandert.com\/pt\/wp-json\/wp\/v2\/posts\/2197","targetHints":{"allow":["GET"]}}],"collection":[{"href":"https:\/\/allesverandert.com\/pt\/wp-json\/wp\/v2\/posts"}],"about":[{"href":"https:\/\/allesverandert.com\/pt\/wp-json\/wp\/v2\/types\/post"}],"author":[{"embeddable":true,"href":"https:\/\/allesverandert.com\/pt\/wp-json\/wp\/v2\/users\/1"}],"replies":[{"embeddable":true,"href":"https:\/\/allesverandert.com\/pt\/wp-json\/wp\/v2\/comments?post=2197"}],"version-history":[{"count":17,"href":"https:\/\/allesverandert.com\/pt\/wp-json\/wp\/v2\/posts\/2197\/revisions"}],"predecessor-version":[{"id":2218,"href":"https:\/\/allesverandert.com\/pt\/wp-json\/wp\/v2\/posts\/2197\/revisions\/2218"}],"wp:featuredmedia":[{"embeddable":true,"href":"https:\/\/allesverandert.com\/pt\/wp-json\/wp\/v2\/media\/2200"}],"wp:attachment":[{"href":"https:\/\/allesverandert.com\/pt\/wp-json\/wp\/v2\/media?parent=2197"}],"wp:term":[{"taxonomy":"category","embeddable":true,"href":"https:\/\/allesverandert.com\/pt\/wp-json\/wp\/v2\/categories?post=2197"},{"taxonomy":"post_tag","embeddable":true,"href":"https:\/\/allesverandert.com\/pt\/wp-json\/wp\/v2\/tags?post=2197"}],"curies":[{"name":"wp","href":"https:\/\/api.w.org\/{rel}","templated":true}]}}