{"id":2810,"date":"2026-03-12T16:08:56","date_gmt":"2026-03-12T19:08:56","guid":{"rendered":"https:\/\/allesverandert.com\/?p=2810"},"modified":"2026-03-12T16:08:58","modified_gmt":"2026-03-12T19:08:58","slug":"waarom-brazilie-portugees-spreekt-het-geheime-verhaal-achter-de-500-jaar-oude-grens","status":"publish","type":"post","link":"https:\/\/allesverandert.com\/pt\/2026\/03\/12\/waarom-brazilie-portugees-spreekt-het-geheime-verhaal-achter-de-500-jaar-oude-grens\/","title":{"rendered":"Por que o Brasil fala portugu\u00eas: a hist\u00f3ria secreta por tr\u00e1s da fronteira de 500 anos"},"content":{"rendered":"<h4>A linha no oceano: como um tratado de 500 anos desenhou o mapa da Am\u00e9rica do Sul<br \/><\/h4>\n<p>Voc\u00ea j\u00e1 se perguntou por que as pessoas falam portugu\u00eas no Brasil, enquanto o restante da Am\u00e9rica Latina \u00e9 predominantemente espanhol? A resposta n\u00e3o est\u00e1 em uma descoberta casual, mas em um documento diplom\u00e1tico do s\u00e9culo XV: o Tratado de Tordesilhas.<\/p>\n<h4>Um mundo dividido em dois<br \/><\/h4>\n<p>Em 1494, apenas dois anos ap\u00f3s Colombo ter descoberto a Am\u00e9rica, as duas maiores pot\u00eancias mar\u00edtimas da \u00e9poca, Espanha (Castela) e Portugal, estavam em guerra por novos territ\u00f3rios. Para evitar conflitos, o Papa Alexandre VI inicialmente tra\u00e7ou uma linha imagin\u00e1ria no Atl\u00e2ntico.<br \/>Portugal, no entanto, ficou insatisfeito e negociou para mover a linha mais para o oeste. O Tratado de Tordesilhas final fixou a fronteira em um meridiano 370 milhas a oeste das Ilhas de Cabo Verde. Tudo a leste dessa linha tornou-se propriedade portuguesa e tudo a oeste, espanhola. Como isso colocou parte da costa brasileira a leste da linha, o Brasil se tornou o \u00fanico pa\u00eds da regi\u00e3o a ser atribu\u00eddo a Portugal.<\/p>\n<h4><span data-start-index=\"1374\">Dois mundos, duas abordagens<\/span><\/h4>\n<p><span data-start-index=\"1403\">Essa divis\u00e3o criou muito mais do que apenas uma diferen\u00e7a de idioma. Os dois imp\u00e9rios seguiram estrat\u00e9gias de coloniza\u00e7\u00e3o completamente diferentes:<\/span><\/p>\n<ul>\n<li data-start-index=\"1564\"><b data-start-index=\"1564\">Espanha<\/b><span data-start-index=\"1570\"> focado na conquista total e na governan\u00e7a r\u00edgida<\/span><span data-start-index=\"1622\">. Eles buscavam ouro e prata para financiar as guerras na Europa e impuseram uma r\u00edgida hierarquia social \u00e0 popula\u00e7\u00e3o ind\u00edgena<\/span><span data-start-index=\"1763\">.<\/span><\/li>\n<li data-start-index=\"1764\"><b data-start-index=\"1764\">Portugal<\/b><span data-start-index=\"1772\"> Inicialmente, adotou uma abordagem mais gradual, concentrando-se em postos de com\u00e9rcio ao longo da costa para produtos como <\/span>pau-brasil<span data-start-index=\"1897\"> e, posteriormente, a produ\u00e7\u00e3o de a\u00e7\u00facar em larga escala<\/span><span data-start-index=\"1936\">. Sua governan\u00e7a era mais frouxa no in\u00edcio, atrav\u00e9s dos chamados <\/span><span style=\"font-style: normal;\"><\/span><span data-start-index=\"1999\">capitanias, \u00f3rg\u00e3os administrativos estabelecidos pela p\u00e1tria Portugal (capitanias).<\/span><br \/><span data-start-index=\"1999\"><\/span><br \/><span data-start-index=\"1999\">A imagem abaixo mostra uma planta\u00e7\u00e3o de cana-de-a\u00e7\u00facar no Brasil, \u00e0 esquerda, e uma cidade com uma mina de prata na parte de l\u00edngua espanhola da Am\u00e9rica do Sul, \u00e0 direita.<\/span><\/li>\n<\/ul>\n<p><span><img decoding=\"async\" alt=\"Links suikerriet plantage in Brazili\u00eb, rechts stad en zilvermijn in overig Zuid Amerika.\" data-id=\"2819\" width=\"701\" data-init-width=\"1456\" height=\"393\" data-init-height=\"816\" title=\"\u00c0 esquerda, planta\u00e7\u00e3o de cana-de-a\u00e7\u00facar no Brasil; \u00e0 direita, cidade e mina de prata em outra regi\u00e3o da Am\u00e9rica do Sul.\" data-src=\"https:\/\/allesverandert.com\/wp-content\/uploads\/2026\/03\/joziasaliefaard_A_split-screen_artistic_illustration_showing__0a129eed-0e10-45a9-bce0-3975dfbb76c6_0.png\" data-width=\"701\" data-height=\"393\" style=\"--smush-placeholder-width: 701px; --smush-placeholder-aspect-ratio: 701\/393;aspect-ratio: auto 1456 \/ 816;\" src=\"data:image\/svg+xml;base64,PHN2ZyB3aWR0aD0iMSIgaGVpZ2h0PSIxIiB4bWxucz0iaHR0cDovL3d3dy53My5vcmcvMjAwMC9zdmciPjwvc3ZnPg==\" class=\"lazyload\"><\/span><\/p>\n<h4>O legado dos jesu\u00edtas<br \/><\/h4>\n<p>Een bijzonder aspect van deze gedeelde geschiedenis is de rol van de Jezu\u00efetenmissies in de grensgebieden. Terwijl de koloniale machten vochten om landbouwgrond en grondstoffen, richtten de Jezu\u00efeten zich op het overdragen van &#8216;menselijk kapitaal&#8217;. In hun missieposten leerden inheemse volkeren lezen, schrijven, rekenen en gespecialiseerde ambachten zoals houtsnijwerk en borduren.<br \/>Fascinerend onderzoek toont aan dat deze historische interventie zelfs 250 jaar later nog zichtbaar is: regio&#8217;s waar de Jezu\u00efeten actief waren, hebben vandaag de dag vaak nog steeds hogere alfabetiseringsgraden en gemiddeld 10% hogere inkomens dan vergelijkbare omliggende gebieden.<\/p>\n<p><span><img decoding=\"async\" alt=\"Jezu\u00eftenmissie in Zuid Amerika.\" data-id=\"2822\" width=\"701\" data-init-width=\"1344\" height=\"467\" data-init-height=\"896\" title=\"Miss\u00e3o jesu\u00edta na Am\u00e9rica do Sul.\" data-src=\"https:\/\/allesverandert.com\/wp-content\/uploads\/2026\/03\/joziasaliefaard_A_peaceful_scene_inside_a_17th-century_Jesuit_37931884-afd5-4dcb-9b98-64b8b8a95420_1.png\" data-width=\"701\" data-height=\"467\" style=\"--smush-placeholder-width: 701px; --smush-placeholder-aspect-ratio: 701\/467;aspect-ratio: auto 1344 \/ 896;\" src=\"data:image\/svg+xml;base64,PHN2ZyB3aWR0aD0iMSIgaGVpZ2h0PSIxIiB4bWxucz0iaHR0cDovL3d3dy53My5vcmcvMjAwMC9zdmciPjwvc3ZnPg==\" class=\"lazyload\"><\/span><\/p>\n<h4>De Tordesilhas at\u00e9 hoje<br \/><\/h4>\n<p>Hoewel het Verdrag van Tordesillas in 1750 werd vervangen door het Verdrag van Madrid (dat grenzen vastlegde op basis van wie het land daadwerkelijk bezette), was de toon gezet. De &#8216;fout&#8217; of &#8217;triomf&#8217; van de onderhandelaars in 1494 bepaalt nog steeds de taalkundige, culturele en economische grenzen van een heel continent.<br \/>Da pr\u00f3xima vez que ouvir os sons alegres do portugu\u00eas brasileiro, lembre-se de que tudo isso se deve a uma linha em um mapa desenhado em uma pequena aldeia espanhola h\u00e1 mais de cinco s\u00e9culos.<\/p>\n<h4>Fontes<\/h4>\n<p><a href=\"https:\/\/www.scribd.com\/document\/972979617\/A-Comparative-Analysis-Of-The-Portuguese-And-Spanish-Empire-Between-The-15th-And-17th-Century\" target=\"_blank\" style=\"outline: none;\">Spaanse en Portugese rijken in de 15e &#8211; 17e eeu<\/a>w<br \/><a href=\"https:\/\/foobie.nl\/verslagen-scripties\/het-verdrag-van-tordesillas\/\" target=\"_blank\" style=\"outline: none;\">O Tratado de Tordesilhas<\/a><br \/><a href=\"https:\/\/epge.fgv.br\/files\/default\/the-mission-human-capital-transmission-economic-persistence-and-culture-in-south-america-felipe-caicedo.pdf\" target=\"_blank\" style=\"outline: none;\">A miss\u00e3o: transmiss\u00e3o de capital humano, persist\u00eancia econ\u00f4mica e cultura na Am\u00e9rica do Sul<\/a><br \/><a href=\"https:\/\/en.wikipedia.org\/wiki\/Treaty_of_Tordesillas\" target=\"_blank\" style=\"outline: none;\">Tratado de Tordesilhas (ingl\u00eas)<\/a><\/p>\n\n\n<p><\/p>","protected":false},"excerpt":{"rendered":"<p>De Lijn in de Oceaan: Hoe een 500 jaar oud verdrag de kaart van Zuid-Amerika tekende Heb je je ooit afgevraagd waarom men in Brazili\u00eb Portugees spreekt, terwijl de rest van Latijns-Amerika overwegend Spaans is? Het antwoord ligt niet bij een toevallige ontdekking, maar bij een diplomatiek document uit de 15e eeuw: het Verdrag van [&hellip;]<\/p>\n","protected":false},"author":1,"featured_media":2813,"comment_status":"open","ping_status":"open","sticky":false,"template":"","format":"standard","meta":{"_seopress_robots_primary_cat":"","_seopress_titles_title":"Waarom Brazili\u00eb Portugees Spreekt: Het Geheime Verhaal achter de 500 jaar oude Grens","_seopress_titles_desc":"Ontdek hoe het Verdrag van Tordesillas uit 1494 de taalgrens in Zuid-Amerika trok en waarom Brazili\u00eb als enige land Portugees spreekt. Leer over de unieke rol van de Jezu\u00efetenmissies en hoe dit historische besluit na 500 jaar nog steeds zorgt voor hogere inkomens en betere scholing in de regio","_seopress_robots_index":"","iawp_total_views":20,"footnotes":""},"categories":[40],"tags":[21,198,197,199],"class_list":["post-2810","post","type-post","status-publish","format-standard","has-post-thumbnail","hentry","category-brazilie","tag-brazilie","tag-geschiedenis-van-brazilie","tag-het-verdrag-van-tordesillas","tag-taaleverschillen-portugees-en-spaans-in-zuid-amerika","post-wrapper","thrv_wrapper"],"_links":{"self":[{"href":"https:\/\/allesverandert.com\/pt\/wp-json\/wp\/v2\/posts\/2810","targetHints":{"allow":["GET"]}}],"collection":[{"href":"https:\/\/allesverandert.com\/pt\/wp-json\/wp\/v2\/posts"}],"about":[{"href":"https:\/\/allesverandert.com\/pt\/wp-json\/wp\/v2\/types\/post"}],"author":[{"embeddable":true,"href":"https:\/\/allesverandert.com\/pt\/wp-json\/wp\/v2\/users\/1"}],"replies":[{"embeddable":true,"href":"https:\/\/allesverandert.com\/pt\/wp-json\/wp\/v2\/comments?post=2810"}],"version-history":[{"count":14,"href":"https:\/\/allesverandert.com\/pt\/wp-json\/wp\/v2\/posts\/2810\/revisions"}],"predecessor-version":[{"id":2828,"href":"https:\/\/allesverandert.com\/pt\/wp-json\/wp\/v2\/posts\/2810\/revisions\/2828"}],"wp:featuredmedia":[{"embeddable":true,"href":"https:\/\/allesverandert.com\/pt\/wp-json\/wp\/v2\/media\/2813"}],"wp:attachment":[{"href":"https:\/\/allesverandert.com\/pt\/wp-json\/wp\/v2\/media?parent=2810"}],"wp:term":[{"taxonomy":"category","embeddable":true,"href":"https:\/\/allesverandert.com\/pt\/wp-json\/wp\/v2\/categories?post=2810"},{"taxonomy":"post_tag","embeddable":true,"href":"https:\/\/allesverandert.com\/pt\/wp-json\/wp\/v2\/tags?post=2810"}],"curies":[{"name":"wp","href":"https:\/\/api.w.org\/{rel}","templated":true}]}}